{"id":642,"date":"2025-05-13T18:00:29","date_gmt":"2025-05-13T16:00:29","guid":{"rendered":"https:\/\/alerte-sanfloraine.fr\/?p=642"},"modified":"2025-05-13T18:03:27","modified_gmt":"2025-05-13T16:03:27","slug":"championnat-de-france-des-ecoles-de-tir","status":"publish","type":"post","link":"https:\/\/alerte-sanfloraine.fr\/index.php\/2025\/05\/13\/championnat-de-france-des-ecoles-de-tir\/","title":{"rendered":"Championnat de France des \u00e9coles de tir"},"content":{"rendered":"\n<p>Ce championnat 2025 s&rsquo;est d\u00e9roul\u00e9 \u00e0 Dole (jura) du 9 au 11 mai.<br>15 jeunes de notre \u00e9cole de tir \u00e9taient qualifi\u00e9s suite au championnat r\u00e9gional. C&rsquo;est la 1\u00e8re fois qu&rsquo;il y a autant de qualifi\u00e9s, donc 1er bon point.<br>Les r\u00e9sultats sont dans le tableau r\u00e9capitulatif ci dessous. De beaux r\u00e9sultats qui montrent la belle vitalit\u00e9 de notre \u00e9cole.<br>Bravo aux jeunes et belle r\u00e9compense pour les \u00e9ducateurs.<\/p>\n\n\n\n<figure class=\"wp-block-image size-full\"><a href=\"https:\/\/alerte-sanfloraine.fr\/wp-content\/uploads\/2025\/05\/CFEdT2025.jpg\" target=\"_blank\" rel=\" noreferrer noopener\"><img loading=\"lazy\" decoding=\"async\" width=\"792\" height=\"835\" src=\"https:\/\/alerte-sanfloraine.fr\/wp-content\/uploads\/2025\/05\/CFEdT2025.jpg\" alt=\"\" class=\"wp-image-643\" srcset=\"https:\/\/alerte-sanfloraine.fr\/wp-content\/uploads\/2025\/05\/CFEdT2025.jpg 792w, https:\/\/alerte-sanfloraine.fr\/wp-content\/uploads\/2025\/05\/CFEdT2025-285x300.jpg 285w, https:\/\/alerte-sanfloraine.fr\/wp-content\/uploads\/2025\/05\/CFEdT2025-768x810.jpg 768w, https:\/\/alerte-sanfloraine.fr\/wp-content\/uploads\/2025\/05\/CFEdT2025-256x270.jpg 256w\" sizes=\"auto, (max-width: 792px) 100vw, 792px\" \/><\/a><\/figure>\n\n\n\n<HR>\n\n\n\n<p><\/p>\n","protected":false},"excerpt":{"rendered":"<p>Ce championnat 2025 s&rsquo;est d\u00e9roul\u00e9 \u00e0 Dole (jura) du 9 au 11 mai.15 jeunes de notre \u00e9cole de tir \u00e9taient qualifi\u00e9s suite au championnat r\u00e9gional. C&rsquo;est la 1\u00e8re fois qu&rsquo;il y a autant de qualifi\u00e9s, donc 1er bon point.Les r\u00e9sultats sont dans le tableau r\u00e9capitulatif ci dessous. De beaux r\u00e9sultats qui montrent la belle vitalit\u00e9 de notre \u00e9cole.Bravo aux jeunes et belle r\u00e9compense pour les \u00e9ducateurs.<\/p>\n","protected":false},"author":1,"featured_media":0,"comment_status":"closed","ping_status":"","sticky":false,"template":"","format":"standard","meta":{"footnotes":""},"categories":[1],"tags":[],"class_list":["post-642","post","type-post","status-publish","format-standard","hentry","category-non-classe"],"_links":{"self":[{"href":"https:\/\/alerte-sanfloraine.fr\/index.php\/wp-json\/wp\/v2\/posts\/642","targetHints":{"allow":["GET"]}}],"collection":[{"href":"https:\/\/alerte-sanfloraine.fr\/index.php\/wp-json\/wp\/v2\/posts"}],"about":[{"href":"https:\/\/alerte-sanfloraine.fr\/index.php\/wp-json\/wp\/v2\/types\/post"}],"author":[{"embeddable":true,"href":"https:\/\/alerte-sanfloraine.fr\/index.php\/wp-json\/wp\/v2\/users\/1"}],"replies":[{"embeddable":true,"href":"https:\/\/alerte-sanfloraine.fr\/index.php\/wp-json\/wp\/v2\/comments?post=642"}],"version-history":[{"count":4,"href":"https:\/\/alerte-sanfloraine.fr\/index.php\/wp-json\/wp\/v2\/posts\/642\/revisions"}],"predecessor-version":[{"id":647,"href":"https:\/\/alerte-sanfloraine.fr\/index.php\/wp-json\/wp\/v2\/posts\/642\/revisions\/647"}],"wp:attachment":[{"href":"https:\/\/alerte-sanfloraine.fr\/index.php\/wp-json\/wp\/v2\/media?parent=642"}],"wp:term":[{"taxonomy":"category","embeddable":true,"href":"https:\/\/alerte-sanfloraine.fr\/index.php\/wp-json\/wp\/v2\/categories?post=642"},{"taxonomy":"post_tag","embeddable":true,"href":"https:\/\/alerte-sanfloraine.fr\/index.php\/wp-json\/wp\/v2\/tags?post=642"}],"curies":[{"name":"wp","href":"https:\/\/api.w.org\/{rel}","templated":true}]}}